{"id":329,"date":"2021-08-24T14:51:42","date_gmt":"2021-08-24T11:51:42","guid":{"rendered":"https:\/\/www.elexusclinic.com\/tr\/?p=329"},"modified":"2024-02-01T22:57:45","modified_gmt":"2024-02-01T19:57:45","slug":"sac-hastaliklari","status":"publish","type":"post","link":"https:\/\/www.elexusclinic.com\/tr\/sac-hastaliklari\/","title":{"rendered":"Sa\u00e7 Hastal\u0131klar\u0131"},"content":{"rendered":"<h2><span style=\"vertical-align: inherit;\"><span style=\"vertical-align: inherit;\">Sa\u00e7k\u0131ran Nedir? Sa\u00e7k\u0131ran belirtileri ve tedavi y\u00f6ntemleri nelerdir?<\/span><\/span><\/h2>\n<p><span style=\"vertical-align: inherit;\"><span style=\"vertical-align: inherit;\">Sa\u00e7k\u0131ran genellikle psikolojik fakt\u00f6rlerden dolay\u0131 hem erkeklerde hem de kad\u0131nlarda g\u00f6r\u00fclebilmektedir. Sa\u00e7k\u0131ran tedavisi ve sa\u00e7 k\u0131r\u0131lmas\u0131n\u0131n \u00f6nlenmesi insanlar taraf\u0131ndan merak edilmektedir. Sa\u00e7k\u0131ran genellikle 20-30 ya\u015f aral\u0131\u011f\u0131nda g\u00f6r\u00fclse de di\u011fer ya\u015flarda da \u00f6nemli miktarda sa\u00e7 k\u0131r\u0131lmas\u0131yla kar\u015f\u0131la\u015f\u0131lmaktad\u0131r. <\/span><\/span><strong><span style=\"vertical-align: inherit;\"><span style=\"vertical-align: inherit;\">Sa\u00e7 d\u00f6k\u00fclmesi<\/span><\/span><\/strong><span style=\"vertical-align: inherit;\"><span style=\"vertical-align: inherit;\"> olarak bilindi\u011finden <\/span><span style=\"vertical-align: inherit;\">sadece sa\u00e7ta de\u011fil v\u00fccudun herhangi bir yerinde kar\u015f\u0131la\u015f\u0131labilir. Benzer etkiler ka\u015f, kirpik, <\/span><\/span><strong><span style=\"vertical-align: inherit;\"><span style=\"vertical-align: inherit;\">sakal ve b\u0131y\u0131k<\/span><\/span><\/strong><span style=\"vertical-align: inherit;\"><span style=\"vertical-align: inherit;\"> derisinde de g\u00f6r\u00fclebilir <\/span><span style=\"vertical-align: inherit;\">. Sa\u00e7 k\u0131r\u0131lmas\u0131, sa\u00e7 derisindeki g\u00f6zeneklerin veya sa\u00e7 k\u00f6klerinin yeterince beslenmemesi sonucu meydana gelir ve bunun sonucunda dairesel \u015fekilde ani d\u00f6k\u00fclmeler meydana gelir. Birden fazla meydana geldi\u011finde yuvarlak \u015fekilli bo\u015fluklar olu\u015fur. Sadece fizyolojik olarak zarar vermekle kalmaz, estetik g\u00f6r\u00fcn\u00fcm\u00fc de bozarak ki\u015finin psikolojisini de etkiler. Bu noktada insanlar bir k\u0131s\u0131r d\u00f6ng\u00fcye girerek sa\u00e7 d\u00f6k\u00fclmesi artt\u0131k\u00e7a strese girmeye ba\u015flarlar, stres sa\u00e7 d\u00f6k\u00fclmesini tetikler ve sa\u00e7 d\u00f6k\u00fclmesi daha da artar.<\/span><\/span><\/p>\n<h2><strong><span style=\"vertical-align: inherit;\"><span style=\"vertical-align: inherit;\">Sa\u00e7k\u0131ran nas\u0131l tedavi edilir?<\/span><\/span><\/strong><\/h2>\n<p><span style=\"vertical-align: inherit;\"><span style=\"vertical-align: inherit;\">Sa\u00e7k\u0131ran insan sa\u011fl\u0131\u011f\u0131n\u0131 her y\u00f6n\u00fcyle etkileyen bir hastal\u0131kt\u0131r. Ancak tedavi m\u00fcmk\u00fcnd\u00fcr. Erken te\u015fhiste b\u00fcy\u00fck sa\u00e7 kay\u0131plar\u0131n\u0131n \u00f6n\u00fcne ge\u00e7ilebilir. \u0130lk tedavi enfeksiyonun yay\u0131lmas\u0131n\u0131 \u00f6nlemektir.<\/span><\/span><\/p>\n<h2><strong><span style=\"vertical-align: inherit;\"><span style=\"vertical-align: inherit;\">Sa\u00e7k\u0131ran Tedavisi &#8211; Krem<\/span><\/span><\/strong><\/h2>\n<p><span style=\"vertical-align: inherit;\"><span style=\"vertical-align: inherit;\">Sa\u00e7k\u0131ran\u0131n yay\u0131ld\u0131\u011f\u0131 enfeksiyonu \u00f6nlemek i\u00e7in ilk ad\u0131m krem \u200b\u200bkullanmakt\u0131r. Her ne kadar basit g\u00f6r\u00fcnse de kremlerin i\u00e7erdi\u011fi maddeler enfeksiyonu durduracak kadar g\u00fc\u00e7l\u00fcd\u00fcr. Kortizon i\u00e7eren kremler enfeksiyonun ilk a\u015famada \u00f6nlenmesinde \u00f6nemli bir ad\u0131md\u0131r. Ancak burada da belirtti\u011fimiz gibi her \u015feyden \u00f6nce erken te\u015fhis \u00e7ok \u00f6nemlidir. Doktorun talimatlar\u0131na uyulmal\u0131, krem \u200b\u200bkortizonlu oldu\u011fundan \u00e7ok fazla da\u011f\u0131lmadan sadece enfeksiyonlu cilde uygulanmal\u0131d\u0131r. Her ne kadar yan etki olas\u0131l\u0131\u011f\u0131 d\u00fc\u015f\u00fck olsa da dikkat ve tedbiri elden b\u0131rakmamak gerekir.<\/span><\/span><\/p>\n<h2><strong><span style=\"vertical-align: inherit;\"><span style=\"vertical-align: inherit;\">Sa\u00e7k\u0131ran Tedavisi &#8211; Enjeksiyon<\/span><\/span><\/strong><\/h2>\n<p><span style=\"vertical-align: inherit;\"><span style=\"vertical-align: inherit;\">Sa\u00e7k\u0131ran genetik fakt\u00f6rlerden kaynaklanm\u0131yorsa kortizon genellikle sa\u00e7l\u0131 deriye enjeksiyon yoluyla uygulan\u0131r. Enfekte sa\u00e7 derisine uygulanan kortizon sa\u00e7 derisini tedavi eder. Ancak bu s\u00fcre\u00e7 sab\u0131r gerektiren bir s\u00fcre\u00e7tir. Bu s\u00fcre\u00e7te ekstra uygulamalardan ka\u00e7\u0131nmal\u0131 ve i\u015flemleri sadece doktor kontrol\u00fcnde ger\u00e7ekle\u015ftirmelisiniz.<\/span><\/span><\/p>\n<h2><strong><span style=\"vertical-align: inherit;\"><span style=\"vertical-align: inherit;\">Sa\u00e7k\u0131ran Tedavisi &#8211; \u0130la\u00e7lar<\/span><\/span><\/strong><\/h2>\n<p><span style=\"vertical-align: inherit;\"><span style=\"vertical-align: inherit;\">\u0130la\u00e7 tedavisi son \u00e7are olarak de\u011ferlendirilmektedir. Krem ve enjeksiyonla durdurulam\u0131yorsa ila\u00e7 tedavisine ge\u00e7ilir. Sa\u00e7k\u0131ran tedavisinde ila\u00e7lar\u0131n son basamak olmas\u0131n\u0131n nedeni v\u00fccuda verdikleri yan etkilerdir. G\u00fc\u00e7l\u00fc ila\u00e7lar olduklar\u0131 i\u00e7in g\u00fcnl\u00fck ya\u015fam\u0131 etkileyebilirler. Doktorunuz rahats\u0131zl\u0131\u011f\u0131n\u0131z\u0131 dikkate alarak ila\u00e7lar\u0131n\u0131z\u0131n dozunu art\u0131rabilir veya azaltabilir.<\/span><\/span><\/p>\n<h2><strong><span style=\"vertical-align: inherit;\"><span style=\"vertical-align: inherit;\">Sa\u00e7k\u0131ran Tedavisi &#8211; Puva Y\u00f6ntemi<\/span><\/span><\/strong><\/h2>\n<p><span style=\"vertical-align: inherit;\"><span style=\"vertical-align: inherit;\">Puva y\u00f6ntemi t\u00fcm tedavi y\u00f6ntemlerinin \u00e7aresiz kald\u0131\u011f\u0131 durumlarda ba\u015fvurulacak bir y\u00f6ntemdir. Ultraviyole \u0131\u015f\u0131k enjekte edilen ila\u00e7lardan sonra sa\u00e7k\u0131ran\u0131n ge\u00e7mesi beklenir. \u00c7ok fazla uygulanmasa da a\u015f\u0131r\u0131 kullan\u0131mda sa\u00e7 derisine zarar verece\u011fi i\u00e7in s\u0131kl\u0131kla tercih edilen bir y\u00f6ntem de\u011fildir.<\/span><\/span><\/p>\n<h2><strong><span style=\"vertical-align: inherit;\"><span style=\"vertical-align: inherit;\">Sa\u00e7k\u0131ran\u0131n Genetik Fakt\u00f6rlere Etkisi<\/span><\/span><\/strong><\/h2>\n<p><span style=\"vertical-align: inherit;\"><span style=\"vertical-align: inherit;\">Genetik ge\u00e7i\u015fli rahats\u0131zl\u0131klardan dolay\u0131 sa\u00e7k\u0131ran riskinin normal insanlara g\u00f6re daha y\u00fcksek oldu\u011fu g\u00f6zlemlenmi\u015ftir. Aile ge\u00e7mi\u015finizde b\u00f6yle bir kal\u0131tsal durum mevcutsa sa\u00e7lar\u0131n\u0131z\u0131n ve sa\u00e7 k\u00f6klerinizin sa\u011fl\u0131\u011f\u0131na daha fazla dikkat etmeniz gerekir.<\/span><\/span><\/p>\n<h2><strong><span style=\"vertical-align: inherit;\"><span style=\"vertical-align: inherit;\">Sa\u00e7k\u0131ran Ba\u011f\u0131\u015f\u0131kl\u0131k Sistemini Yenebilir mi?<\/span><\/span><\/strong><\/h2>\n<p><span style=\"vertical-align: inherit;\"><span style=\"vertical-align: inherit;\">Ba\u011f\u0131\u015f\u0131kl\u0131k sistemi v\u00fccuda girmeye \u00e7al\u0131\u015fan her t\u00fcrl\u00fc hastal\u0131\u011fa kar\u015f\u0131 bir kalkan g\u00f6revi g\u00f6r\u00fcr. Bu nedenle ba\u011f\u0131\u015f\u0131kl\u0131k sisteminiz ne kadar g\u00fc\u00e7l\u00fc olursa hastal\u0131klara kar\u015f\u0131 direnciniz de o kadar y\u00fcksek olur. A\u011f\u0131r hastal\u0131klarda beyaz kan h\u00fccreleri savunma mekanizmas\u0131nda a\u015f\u0131r\u0131 rol oynad\u0131\u011f\u0131nda sa\u00e7 ve sa\u00e7 k\u00f6kleri d\u00f6k\u00fcl\u00fcr. Sa\u00e7k\u0131ran ise ba\u011f\u0131\u015f\u0131kl\u0131k sisteminin zay\u0131fl\u0131\u011f\u0131ndan yararlanarak sa\u00e7 ve sa\u00e7 derisine s\u0131zar. Ba\u011f\u0131\u015f\u0131kl\u0131k sisteminizi g\u00fc\u00e7l\u00fc tutmak her t\u00fcrl\u00fc hastal\u0131kla m\u00fccadele etmenizi sa\u011flar.<\/span><\/span><\/p>\n<p><img loading=\"lazy\" decoding=\"async\" class=\"img-fluid alignnone size-full wp-image-330\" src=\"https:\/\/www.elexusclinic.com\/tr\/wp-content\/uploads\/2021\/08\/Hair-Diseases.jpg\" alt=\"\" width=\"1100\" height=\"489\" srcset=\"https:\/\/www.elexusclinic.com\/tr\/wp-content\/uploads\/2021\/08\/Hair-Diseases.jpg 1100w, https:\/\/www.elexusclinic.com\/tr\/wp-content\/uploads\/2021\/08\/Hair-Diseases-300x133.jpg 300w, https:\/\/www.elexusclinic.com\/tr\/wp-content\/uploads\/2021\/08\/Hair-Diseases-1024x455.jpg 1024w, https:\/\/www.elexusclinic.com\/tr\/wp-content\/uploads\/2021\/08\/Hair-Diseases-768x341.jpg 768w\" sizes=\"(max-width: 1100px) 100vw, 1100px\" \/><\/p>\n<h2><strong><span style=\"vertical-align: inherit;\"><span style=\"vertical-align: inherit;\">Sa\u00e7k\u0131ran stresten kaynaklanabilir mi?<\/span><\/span><\/strong><\/h2>\n<p><strong><span style=\"vertical-align: inherit;\"><span style=\"vertical-align: inherit;\">Stres sadece sa\u00e7k\u0131ran ve sa\u00e7 d\u00f6k\u00fclmesinin<\/span><\/span><\/strong><span style=\"vertical-align: inherit;\"><span style=\"vertical-align: inherit;\"> kayna\u011f\u0131 de\u011fil <\/span><span style=\"vertical-align: inherit;\">, asl\u0131nda bir\u00e7ok hastal\u0131\u011f\u0131n da kayna\u011f\u0131d\u0131r. Stres v\u00fccudu tamamen y\u0131prat\u0131r ve hormon dengesini bozar. S\u00fcrekli depresif bir ruh hali veya bir olay sonucu olu\u015fan travma, hastal\u0131klar\u0131 tetikler. \u00c7ocukluktan gen\u00e7li\u011fe ge\u00e7i\u015fte ya\u015fanan bu durum genellikle stresten kaynaklanmaktad\u0131r. Bu bak\u0131mdan \u00e7ocuklar\u0131 stresten uzak tutmak ya da streslerini azaltacak, kafalar\u0131n\u0131 rahatlatacak aktivitelere y\u00f6nlendirmek sa\u00e7k\u0131ran ba\u015fta olmak \u00fczere bir\u00e7ok hastal\u0131\u011f\u0131n \u00f6n\u00fcne ge\u00e7ecektir.<\/span><\/span><\/p>\n<h2><strong><span style=\"vertical-align: inherit;\"><span style=\"vertical-align: inherit;\">Tiroid Bezleri Sa\u00e7k\u0131ran\u0131 Tetikler mi?<\/span><\/span><\/strong><\/h2>\n<p><span style=\"vertical-align: inherit;\"><span style=\"vertical-align: inherit;\">Tiroid bezlerinde meydana gelen bir sorun v\u00fccudun i\u015fleyi\u015finde genel bir soruna neden olur. \u00d6zellikle guatra neden oldu\u011fu bilinmektedir. Tiroid sorunlar\u0131 h\u00fccrelerin yetersiz beslenmesi nedeniyle sa\u00e7k\u0131ran\u0131n yan\u0131 s\u0131ra anemiye de neden olabilir.<\/span><\/span><\/p>\n<h2><strong><span style=\"vertical-align: inherit;\"><span style=\"vertical-align: inherit;\">Sa\u00e7k\u0131ran Ne Kadar S\u00fcrede \u0130yile\u015fir?<\/span><\/span><\/strong><\/h2>\n<p><span style=\"vertical-align: inherit;\"><span style=\"vertical-align: inherit;\">Sa\u00e7k\u0131ran tedavisinde etkin madde olan &#8220;Ruxolitinib&#8221; Columbia \u00dcniversitesi taraf\u0131ndan kan\u0131tlanm\u0131\u015f bir maddedir. Aktif madde i\u00e7eren ila\u00e7lar\u0131n %75 oran\u0131nda ba\u015far\u0131 sa\u011flad\u0131\u011f\u0131 g\u00f6zlemlenmi\u015ftir. Tedavi sonucunda hem erkeklerde hem de kad\u0131nlarda sa\u00e7lar\u0131n %90 oran\u0131nda geri kazan\u0131ld\u0131\u011f\u0131 ve k\u00fc\u00e7\u00fck bir insidansla atlat\u0131ld\u0131\u011f\u0131 sonucuna var\u0131ld\u0131. Sa\u00e7k\u0131ran cinsiyet ve ya\u015ftan ba\u011f\u0131ms\u0131z olarak herkesi ayn\u0131 oranda etkiler. Sa\u00e7lar\u0131 tamamen yenileyecek bir tedavi hen\u00fcz m\u00fcmk\u00fcn de\u011fil ancak bilim insanlar\u0131 bu konu \u00fczerinde \u00e7al\u0131\u015fmaya devam ediyor.<\/span><\/span><\/p>\n<h2><strong>How Long Does Ringworm Go On?<\/strong><\/h2>\n<p>No clear treatment time can be given for any disease. Physiological and psychological factors affect the body. While results are achieved in a shorter period in people with strong immunity, people who have a weak and unhealthy diet can receive treatment in a longer period. Ringworm, which is common in stress-related situations, can improve after an average of 6 months, depending on age.<\/p>\n<h2><strong>Is Ringworm Contagious?<\/strong><\/h2>\n<p>Ringworm is an infectious disease. It reproduces on the scalp. In case of contact, it can spread in the body or can be passed to other people. Not to disrupt the treatment and not to underestimate ringworm will be the greatest precaution.<\/p>\n<h2><strong>What are the symptoms of ringworm?<\/strong><\/h2>\n<p>Ringworm reproduces as a result of infection in the skin, by the growth of fungal spores. For this reason, skin rash, itching, cracks in the skin, circular hair loss are common symptoms. Ringworm shows these symptoms for 4 to 14 days. When you see these symptoms, you should definitely consult a specialist in the dermatology service and be examined.<\/p>\n<h2><strong>Psoriasis<\/strong><\/h2>\n<p>Psoriasis affects social life with its effect on people. So is psoriasis contagious? What are the symptoms of psoriasis? Can people with psoriasis have <strong>hair transplantation<\/strong>?<\/p>\n<p>Psoriasis is a skin disease. As the skin cells multiply more than normal, it begins to appear with swollen red spots covered with white scales on the skin. Red spots appear predominantly on the scalp. However, it is possible to occur in other skin areas of the body. Psoriasis does not have any contagious effects. If there is a genetic condition, it can be seen in family members. Psoriasis may appear and disappear from time to time. It usually starts from the 20s. The cells affected by surgical intervention can trigger psoriasis again. Psoriasis is not a contagious disease, but it is sometimes found on the skin of the face and the person loses self-confidence. For this reason, the person can isolate himself until the effects are weakened. Regardless of the child or adult, there is no risk of contamination since it is not a microbial infection.<\/p>\n<h2><strong>Who Can Have Psoriasis?<\/strong><\/h2>\n<p>It can be seen in children and adults depending on genetic factors. Psoriasis occurs due to stress in families without any hereditary disease.<\/p>\n<h2><strong>What Causes Psoriasis?<\/strong><\/h2>\n<p><span style=\"vertical-align: inherit;\"><span style=\"vertical-align: inherit;\">Sedef hastal\u0131\u011f\u0131n\u0131n nedeni %100 kesin de\u011fildir. Ortaya \u00e7\u0131k\u0131\u015f \u015fekli bilimsel olarak ciltte \u00e7ok say\u0131da h\u00fccre yenilenmesinden sonra g\u00fcm\u00fc\u015fi pullarla kendini g\u00f6stermektedir. Cilt h\u00fccreleri normal bir s\u00fcre i\u00e7erisinde ortalama 20 g\u00fcn i\u00e7erisinde kendilerini yenilerler. Ancak sedef hastal\u0131\u011f\u0131na ba\u011fl\u0131 olarak cilt h\u00fccrelerinin yenilenme h\u0131z\u0131 4 g\u00fcne kadar k\u0131sal\u0131r. Bu kadar h\u0131zl\u0131 ve s\u0131k de\u011fi\u015fimler, \u00fcst paragrafta bahsetti\u011fimiz gibi g\u00fcm\u00fc\u015fi pul \u015feklinde bir yap\u0131 olu\u015fturur. Sedef hastal\u0131\u011f\u0131n\u0131 tetikleyen fakt\u00f6rler vard\u0131r. Operasyonlar, cerrahi m\u00fcdahaleler, v\u00fccutta olu\u015fan bir kesik veya s\u0131yr\u0131k, ila\u00e7 yan etkileri, a\u015f\u0131r\u0131 alkol ve sigara kullan\u0131m\u0131, a\u015f\u0131r\u0131 stres ba\u015fl\u0131ca fakt\u00f6rlerdir. Genetik olarak kal\u0131tsal olabilir. Aile bireylerinde de mevcut olabilir ancak bula\u015fma riski yoktur.<\/span><\/span><\/p>\n<p><span style=\"vertical-align: inherit;\"><span style=\"vertical-align: inherit;\">Sedef hastal\u0131\u011f\u0131 en ufak bir sinek \u0131s\u0131r\u0131\u011f\u0131 ya da ar\u0131 sokmas\u0131nda dahi ortaya \u00e7\u0131kabilmektedir. Bu hastal\u0131k ortalama 4 ki\u015fide g\u00f6r\u00fclebilmektedir.<\/span><\/span><\/p>\n<h2><strong><span style=\"vertical-align: inherit;\"><span style=\"vertical-align: inherit;\">Sedef Hastal\u0131\u011f\u0131n\u0131n Belirtileri Nelerdir?<\/span><\/span><\/strong><\/h2>\n<p><span style=\"vertical-align: inherit;\"><span style=\"vertical-align: inherit;\">Sedef hastal\u0131\u011f\u0131n\u0131n yayg\u0131n g\u00f6r\u00fclen \u015fekli plak tipi olarak bilinen k\u0131rm\u0131z\u0131 lekeler ve \u00fcst k\u0131sm\u0131 g\u00fcm\u00fc\u015f pullarla kapl\u0131 \u015feklidir. V\u00fccutta bu \u015fekilde meydana gelir. Ka\u015f\u0131nt\u0131 ve a\u011fr\u0131ya neden olabilir. Zaman zaman \u00e7atlayarak kanayabilir. \u00d6zellikle sa\u00e7l\u0131 deride pullanma ve kabuklanma s\u0131k g\u00f6r\u00fcl\u00fcr. V\u00fccudun \u00e7e\u015fitli yerlerinde de meydana gelebilir. Ergenlerde ve \u00e7ocuklarda damlac\u0131klar halinde g\u00f6r\u00fclebilece\u011fi gibi di\u011fer yeti\u015fkinlerde s\u0131v\u0131 dolu sar\u0131 renkli beyaz kabarc\u0131k benzeri v\u00fccut, ayak, kas\u0131k ve el \u015feklinde de g\u00f6r\u00fclebilir.<\/span><\/span><\/p>\n<h2><strong><span style=\"vertical-align: inherit;\"><span style=\"vertical-align: inherit;\">Sedef Hastal\u0131\u011f\u0131 Sa\u00e7 Ekimi<\/span><\/span><\/strong><\/h2>\n<p><span style=\"vertical-align: inherit;\"><span style=\"vertical-align: inherit;\">Sedef hastal\u0131\u011f\u0131ndan sonra kabuklar d\u00f6k\u00fcl\u00fcrken sa\u00e7lar da onunla birlikte d\u00f6k\u00fclebilir. Sa\u00e7lar\u0131n bir k\u0131sm\u0131 \u00e7e\u015fitli tedavi y\u00f6ntemleriyle kurtar\u0131lsa da seyreklik ki\u015filerin estetik g\u00f6r\u00fcn\u00fcm alg\u0131s\u0131n\u0131 kaybetmesine neden olabiliyor. Sonu\u00e7 olarak sa\u00e7 sa\u011fl\u0131\u011f\u0131n\u0131 d\u00fc\u015f\u00fcnerek ekstra bir yapay uygulama yapmak istemeyen bireyler <\/span><\/span><strong><span style=\"vertical-align: inherit;\"><span style=\"vertical-align: inherit;\">sa\u00e7 ekimi<\/span><\/span><\/strong><span style=\"vertical-align: inherit;\"><span style=\"vertical-align: inherit;\"> konusunda ara\u015ft\u0131rma yapmaktad\u0131r .<\/span><\/span><\/p>\n<h2><strong><span style=\"vertical-align: inherit;\"><span style=\"vertical-align: inherit;\">Sedef Hastal\u0131\u011f\u0131 Olan Ki\u015filer Sa\u00e7 Ekimi Yapt\u0131rabilir mi?<\/span><\/span><\/strong><\/h2>\n<p><span style=\"vertical-align: inherit;\"><span style=\"vertical-align: inherit;\">Sedef hastal\u0131\u011f\u0131 olan ki\u015filer doktor kontrollerinin ard\u0131ndan <\/span><\/span><strong><span style=\"vertical-align: inherit;\"><span style=\"vertical-align: inherit;\">sa\u00e7 ekimi<\/span><\/span><\/strong><span style=\"vertical-align: inherit;\"><span style=\"vertical-align: inherit;\"> operasyonu yapt\u0131rabilirler . <\/span><span style=\"vertical-align: inherit;\">Ancak <\/span><\/span><strong><span style=\"vertical-align: inherit;\"><span style=\"vertical-align: inherit;\">sa\u00e7 ekimi<\/span><\/span><\/strong><span style=\"vertical-align: inherit;\"><span style=\"vertical-align: inherit;\"> ayn\u0131 zamanda cerrahi bir m\u00fcdahale oldu\u011fundan tetiklenme olas\u0131l\u0131\u011f\u0131 d\u00fc\u015f\u00fckt\u00fcr. Bu konuda dermatolog tavsiyesi al\u0131nmal\u0131d\u0131r. Sedef hastal\u0131\u011f\u0131 sonland\u0131rma s\u00fcrecinde kontrol alt\u0131na al\u0131n\u0131rsa genellikle sorun ya\u015fanmaz. Halen tedavi a\u015famas\u0131ndaysa ve en ufak bir olayda n\u00fcksetmeye devam ediyorsa tedavi s\u00fcrecinin tamamlanmas\u0131nda fayda vard\u0131r.<\/span><\/span><\/p>\n<p><span style=\"vertical-align: inherit;\"><span style=\"vertical-align: inherit;\">Detayl\u0131 Bilgi \u0130\u00e7in\u00a0 <\/span><a href=\"tel:+90 543 486 94 25\"><span style=\"vertical-align: inherit;\">Telefon<\/span><\/a><span style=\"vertical-align: inherit;\"> ,\u00a0 <\/span><a href=\"https:\/\/api.whatsapp.com\/send?phone=905434869425\"><span style=\"vertical-align: inherit;\">Whatsapp<\/span><\/a><span style=\"vertical-align: inherit;\"> \u00a0veya\u00a0 <\/span><a href=\"mailto:info@elexusclinic.com\"><span style=\"vertical-align: inherit;\">E-Posta<\/span><\/a><span style=\"vertical-align: inherit;\"> \u00a0Yoluyla Bize\u00a0 <\/span><\/span><span style=\"vertical-align: inherit;\"><span style=\"vertical-align: inherit;\">Ula\u015fabilirsiniz<\/span><\/span><span style=\"vertical-align: inherit;\"><span style=\"vertical-align: inherit;\"> .<\/span><\/span><\/p>\n","protected":false},"excerpt":{"rendered":"<p>Sa\u00e7k\u0131ran Nedir? Sa\u00e7k\u0131ran belirtileri ve tedavi y\u00f6ntemleri nelerdir? Sa\u00e7k\u0131ran genellikle psikolojik fakt\u00f6rlerden dolay\u0131 hem erkeklerde hem de kad\u0131nlarda g\u00f6r\u00fclebilmektedir. Sa\u00e7k\u0131ran tedavisi ve sa\u00e7 k\u0131r\u0131lmas\u0131n\u0131n \u00f6nlenmesi insanlar taraf\u0131ndan merak edilmektedir. Sa\u00e7k\u0131ran genellikle 20-30 ya\u015f aral\u0131\u011f\u0131nda g\u00f6r\u00fclse de di\u011fer ya\u015flarda da \u00f6nemli miktarda sa\u00e7 k\u0131r\u0131lmas\u0131yla kar\u015f\u0131la\u015f\u0131lmaktad\u0131r. Sa\u00e7 d\u00f6k\u00fclmesi olarak bilindi\u011finden sadece sa\u00e7ta de\u011fil v\u00fccudun herhangi bir yerinde [&hellip;]<\/p>\n","protected":false},"author":1,"featured_media":331,"comment_status":"open","ping_status":"open","sticky":false,"template":"","format":"standard","meta":{"footnotes":""},"categories":[5],"tags":[],"_links":{"self":[{"href":"https:\/\/www.elexusclinic.com\/tr\/wp-json\/wp\/v2\/posts\/329"}],"collection":[{"href":"https:\/\/www.elexusclinic.com\/tr\/wp-json\/wp\/v2\/posts"}],"about":[{"href":"https:\/\/www.elexusclinic.com\/tr\/wp-json\/wp\/v2\/types\/post"}],"author":[{"embeddable":true,"href":"https:\/\/www.elexusclinic.com\/tr\/wp-json\/wp\/v2\/users\/1"}],"replies":[{"embeddable":true,"href":"https:\/\/www.elexusclinic.com\/tr\/wp-json\/wp\/v2\/comments?post=329"}],"version-history":[{"count":3,"href":"https:\/\/www.elexusclinic.com\/tr\/wp-json\/wp\/v2\/posts\/329\/revisions"}],"predecessor-version":[{"id":406,"href":"https:\/\/www.elexusclinic.com\/tr\/wp-json\/wp\/v2\/posts\/329\/revisions\/406"}],"wp:featuredmedia":[{"embeddable":true,"href":"https:\/\/www.elexusclinic.com\/tr\/wp-json\/wp\/v2\/media\/331"}],"wp:attachment":[{"href":"https:\/\/www.elexusclinic.com\/tr\/wp-json\/wp\/v2\/media?parent=329"}],"wp:term":[{"taxonomy":"category","embeddable":true,"href":"https:\/\/www.elexusclinic.com\/tr\/wp-json\/wp\/v2\/categories?post=329"},{"taxonomy":"post_tag","embeddable":true,"href":"https:\/\/www.elexusclinic.com\/tr\/wp-json\/wp\/v2\/tags?post=329"}],"curies":[{"name":"wp","href":"https:\/\/api.w.org\/{rel}","templated":true}]}}