{"id":306,"date":"2021-05-22T09:50:57","date_gmt":"2021-05-22T06:50:57","guid":{"rendered":"https:\/\/www.elexusclinic.com\/tr\/?p=306"},"modified":"2024-02-01T22:59:15","modified_gmt":"2024-02-01T19:59:15","slug":"sac-dokulmesi-nedenleri","status":"publish","type":"post","link":"https:\/\/www.elexusclinic.com\/tr\/sac-dokulmesi-nedenleri\/","title":{"rendered":"Sa\u00e7 D\u00f6k\u00fclmesi Nedenleri"},"content":{"rendered":"<p><span style=\"vertical-align: inherit;\"><span style=\"vertical-align: inherit;\">\u0130nsan kafas\u0131nda yakla\u015f\u0131k 150 bin sa\u00e7 teli bulunmaktad\u0131r. G\u00fcnde 100 sa\u00e7 teli d\u00f6k\u00fcl\u00fcr. E\u011fer lokal veya genel olarak g\u00fcnde 100 sa\u00e7 telini a\u015fan bir <\/span><\/span><strong><span style=\"vertical-align: inherit;\"><span style=\"vertical-align: inherit;\">sa\u00e7 d\u00f6k\u00fclmesi<\/span><\/span><\/strong><span style=\"vertical-align: inherit;\"><span style=\"vertical-align: inherit;\"> varsa <\/span><span style=\"vertical-align: inherit;\">buna \u201csa\u00e7 d\u00f6k\u00fclmesi var\u201d denilebilir. Sa\u00e7 d\u00f6k\u00fclmesi genellikle erkek bireylerde g\u00f6r\u00fcl\u00fcr; ancak kad\u0131nlarda da y\u00fcksek oranda g\u00f6r\u00fclmektedir. Sa\u00e7 d\u00f6k\u00fclmesi ya da sa\u00e7lar\u0131n incelmesi ve zay\u0131flamas\u0131 \u00e7o\u011fu insan i\u00e7in b\u00fcy\u00fck bir sorundur. Sa\u00e7, insanlar\u0131n fiziksel g\u00f6r\u00fcn\u00fcm\u00fcnde b\u00fcy\u00fck rol oynad\u0131\u011f\u0131 i\u00e7in ki\u015finin g\u00fczelli\u011fini ve etkileyicili\u011fini azaltt\u0131\u011f\u0131n\u0131, psikolojik sorunlara yol a\u00e7t\u0131\u011f\u0131n\u0131, ki\u015finin \u00f6zg\u00fcvenini azaltt\u0131\u011f\u0131n\u0131 veya \u00f6zg\u00fcvenini azaltt\u0131\u011f\u0131n\u0131 d\u00fc\u015f\u00fcnd\u00fcren \u00f6nemli bir sorundur. ki\u015finin g\u00fcveni.<\/span><\/span><\/p>\n<p><span style=\"vertical-align: inherit;\"><span style=\"vertical-align: inherit;\">Bir insan\u0131n kafas\u0131nda ortalama 100.000 \u2013 150.000 sa\u00e7 bulunmaktad\u0131r. Sa\u00e7 say\u0131s\u0131nda sa\u00e7 rengi ve ya\u015f\u0131 da \u00f6nemlidir. K\u0131z\u0131l sa\u00e7l\u0131larda sa\u00e7 say\u0131s\u0131 daha az iken sar\u0131\u015f\u0131nlarda daha fazlad\u0131r. Bir bebek do\u011fdu\u011funda ortalama 1100 sa\u00e7 k\u00f6k\u00fcne sahipken, yeti\u015fkin oldu\u011funda bu say\u0131 600&#8217;e d\u00fc\u015fer. K\u0131llar\u0131n v\u00fccuttaki rol\u00fc kozmetik kayg\u0131lar\u0131n \u00f6tesindedir. \u0130nsan kafas\u0131ndaki &#8216;sa\u00e7&#8217; dedi\u011fimiz sa\u00e7lar\u0131n as\u0131l g\u00f6revi; \u0131s\u0131 ve su dengesini koruyarak kafatas\u0131n\u0131 d\u0131\u015f etkenlerden korur. Ayr\u0131ca bas\u0131n\u00e7, s\u0131cakl\u0131k, dokunma ve ac\u0131 hissi de vard\u0131r. Sa\u00e7 \u00e7ok g\u00fc\u00e7l\u00fc ve dayan\u0131kl\u0131d\u0131r. Bir sa\u00e7 teli 100 gr.<\/span><\/span><\/p>\n<p><strong><span style=\"vertical-align: inherit;\"><span style=\"vertical-align: inherit;\">Sa\u00e7\u0131n ya\u015fam d\u00f6ng\u00fcs\u00fc \u00fc\u00e7 a\u015famadan olu\u015fur:<\/span><\/span><\/strong><\/p>\n<ul>\n<li><span style=\"vertical-align: inherit;\"><span style=\"vertical-align: inherit;\">Geli\u015fme ve olgunla\u015fma (anajen) d\u00f6nemi; Sa\u00e7lar\u0131n s\u00fcrekli uzayan, sa\u011fl\u0131kl\u0131 ve dayan\u0131kl\u0131 oldu\u011fu s\u00fcre\u00e7tir. 2-7 y\u0131l s\u00fcrer.<\/span><\/span><\/li>\n<\/ul>\n<p><span style=\"vertical-align: inherit;\"><span style=\"vertical-align: inherit;\">Durulama ve \u015fa\u015fk\u0131nl\u0131k d\u00f6nemi (katajen); Sa\u00e7 telinin h\u0131zla ya\u015flanmas\u0131 i\u015flemidir. Birka\u00e7 hafta s\u00fcrer.<\/span><\/span><\/p>\n<ul>\n<li><span style=\"vertical-align: inherit;\"><span style=\"vertical-align: inherit;\">Zay\u0131flama ve ho\u015fg\u00f6r\u00fc a\u015famas\u0131; sa\u00e7lar\u0131n d\u00f6k\u00fcld\u00fc\u011f\u00fc d\u00f6nemdir. Birka\u00e7 ay s\u00fcrer.<\/span><\/span><\/li>\n<\/ul>\n<p><span style=\"vertical-align: inherit;\"><span style=\"vertical-align: inherit;\">Sa\u00e7 k\u00f6klerinin bir k\u0131sm\u0131 anagen d\u00f6neminde, bir k\u0131sm\u0131 katagen d\u00f6neminde, bir k\u0131sm\u0131 da telojen d\u00f6neminde olabilir. Normalde t\u00fcm sa\u00e7 k\u00f6klerinin %5-10&#8217;u sa\u00e7lar\u0131n d\u00f6k\u00fcld\u00fc\u011f\u00fc telojen d\u00f6nemdedir. Bu nedenle g\u00fcnde ortalama 100 sa\u00e7 telinin d\u00f6k\u00fclmesi normal kar\u015f\u0131lanmaktad\u0131r.<\/span><\/span><\/p>\n<h2><span style=\"vertical-align: inherit;\"><span style=\"vertical-align: inherit;\">H\u0131zl\u0131 Sa\u00e7 Uzamas\u0131 \u0130\u00e7in Neler Yap\u0131labilir?<\/span><\/span><\/h2>\n<p><span style=\"vertical-align: inherit;\"><span style=\"vertical-align: inherit;\">\u0130nsan v\u00fccudu muhte\u015fem bir d\u00f6ng\u00fcye sahiptir. Her sa\u00e7 telinin kendine has bir b\u00fcy\u00fcme ve d\u00f6k\u00fclme h\u0131z\u0131 oldu\u011fu gibi kendi aras\u0131nda da b\u00fcy\u00fck bir koordinasyon vard\u0131r. Bu sayede ayn\u0131 anda b\u00fcy\u00fcy\u00fcp d\u00f6k\u00fclmedikleri i\u00e7in belli bir s\u00fcre kel kalmay\u0131 da \u00f6nlemi\u015f oluyoruz. Harici uygulamalar\u0131n (sa\u00e7 kremi, bak\u0131m ya\u011f\u0131 vb.) bu d\u00f6ng\u00fcye pek etkisi olmayaca\u011f\u0131 gibi, kaz\u0131ma, sa\u00e7 kesimi \u015feklindeki uygulamalar\u0131n da sa\u00e7 k\u00f6k\u00fcn\u00fcn g\u00fc\u00e7lenmesine, d\u00f6k\u00fclmesine ve h\u0131zl\u0131 b\u00fcy\u00fcmesine etkisi olmayacakt\u0131r.<\/span><\/span><\/p>\n<h2><span style=\"vertical-align: inherit;\"><span style=\"vertical-align: inherit;\">Erkek Tipi Sa\u00e7 D\u00f6k\u00fclmesi Nedir?<\/span><\/span><\/h2>\n<p><span style=\"vertical-align: inherit;\"><span style=\"vertical-align: inherit;\">Sa\u00e7 d\u00f6k\u00fclmesinin en yayg\u0131n nedeni, testosteron hormonunun sa\u00e7 k\u00f6klerini a\u015f\u0131r\u0131 duyarl\u0131 hale getirmesi sonucu ortaya \u00e7\u0131kan erkek tipi sa\u00e7 d\u00f6k\u00fclmesidir. \u00c7o\u011funlukla erkeklerde g\u00f6r\u00fclmekle birlikte kad\u0131nlarda da g\u00f6r\u00fclen t\u00fcrd\u00fcr. Andro geneti\u011fi olarak bilinen bu tip sa\u00e7 d\u00f6k\u00fclmesinde <\/span><span style=\"vertical-align: inherit;\">al\u0131ndan arkaya do\u011fru <\/span><\/span><strong><span style=\"vertical-align: inherit;\"><span style=\"vertical-align: inherit;\">sa\u00e7 d\u00f6k\u00fclmesi meydana gelir ve ya\u015f ilerledik\u00e7e sa\u00e7 kayb\u0131 oran\u0131 da artar.<\/span><\/span><\/strong><\/p>\n<p><span style=\"vertical-align: inherit;\"><span style=\"vertical-align: inherit;\">Erkeklerde sa\u00e7 d\u00f6k\u00fclmesinin b\u00fcy\u00fck bir k\u0131sm\u0131 bu \u015fekilde meydana gelir. D\u00f6k\u00fclme t\u00fcr\u00fc erkek tipi ise d\u00f6k\u00fclen alan\u0131n b\u00fcy\u00fckl\u00fc\u011f\u00fcne bak\u0131l\u0131r. Bu bo\u015fluk kapat\u0131lam\u0131yorsa ve sa\u00e7 k\u00f6k\u00fc kayb\u0131 \u00e7ok fazla ise <\/span><\/span><span style=\"vertical-align: inherit;\"><span style=\"vertical-align: inherit;\">sa\u00e7 ekimi<\/span><\/span><span style=\"vertical-align: inherit;\"><span style=\"vertical-align: inherit;\"> \u00f6nerilir.<\/span><\/span><\/p>\n<p><strong><span style=\"vertical-align: inherit;\"><span style=\"vertical-align: inherit;\">Sa\u00e7 d\u00f6k\u00fclmesinin<\/span><\/span><\/strong><span style=\"vertical-align: inherit;\"><span style=\"vertical-align: inherit;\"> di\u011fer en yayg\u0131n nedenlerinden biri de <\/span><span style=\"vertical-align: inherit;\">yetersiz beslenmedir. B12, demir eksikli\u011fi, \u00e7inko, biotin ve folik eksikli\u011fi gibi nedenler kan yoluyla beslenen sa\u00e7 k\u00f6k\u00fcn\u00fc sa\u011fl\u0131ks\u0131z hale getirir ve dolay\u0131s\u0131yla k\u00f6k\u00fcnden beslenemeyen sa\u00e7 telini zay\u0131flat\u0131r. Bu nedenle \u015fok diyet uygulamalar\u0131, meyve ve sebzeden yoksun beslenme, proteinden yoksun beslenme sa\u00e7 sa\u011fl\u0131\u011f\u0131 \u00fczerinde olumsuz rol oynamaktad\u0131r. \u00d6zellikle sa\u00e7 d\u00f6k\u00fclmesi problemi olan \u00e7ocuklarda \u00e7ocu\u011fun kan tahlili, vitamin ve mineral kontrolleri yap\u0131lmal\u0131 ve beslenmesine dikkat edilmelidir.<\/span><\/span><\/p>\n<h2><span style=\"vertical-align: inherit;\"><span style=\"vertical-align: inherit;\">Kad\u0131n Tipi Sa\u00e7 D\u00f6k\u00fclmesi<\/span><\/span><\/h2>\n<p><span style=\"vertical-align: inherit;\"><span style=\"vertical-align: inherit;\">Kad\u0131nlarda sa\u00e7 d\u00f6k\u00fclmesinin en yayg\u0131n nedenleri tiroid hastal\u0131\u011f\u0131, diyabet ve demir eksikli\u011fi anemisidir. Kad\u0131nlar sa\u00e7 d\u00f6k\u00fclmesi \u015fikayeti ile hekime ba\u015fvurduklar\u0131nda bunun erkek tipi sa\u00e7 d\u00f6k\u00fclmesi mi yoksa kad\u0131n tipi sa\u00e7 d\u00f6k\u00fclmesi mi oldu\u011funun anla\u015f\u0131lmas\u0131 i\u00e7in gerekli incelemeler yap\u0131l\u0131r. D\u00f6k\u00fclmenin nedeninin bir hastal\u0131k olup olmad\u0131\u011f\u0131 sorgulan\u0131r, ard\u0131ndan kan tahlili ve tetkikler yap\u0131larak demir, biotin, \u00e7inko gibi vitamin eksikli\u011fi ya da tiroid hastal\u0131\u011f\u0131 olup olmad\u0131\u011f\u0131 tespit edilir. Bunun sonu\u00e7lar\u0131 dikkate al\u0131narak d\u00f6k\u00fcnt\u00fcn\u00fcn t\u00fcr\u00fc belirlenerek uygun tedaviye ba\u015flan\u0131r.<\/span><\/span><\/p>\n<p><img loading=\"lazy\" decoding=\"async\" class=\"img-fluid alignnone size-full wp-image-308\" src=\"https:\/\/www.elexusclinic.com\/tr\/wp-content\/uploads\/2021\/05\/Hair-Loss-Causes1.jpg\" alt=\"\" width=\"1100\" height=\"489\" srcset=\"https:\/\/www.elexusclinic.com\/tr\/wp-content\/uploads\/2021\/05\/Hair-Loss-Causes1.jpg 1100w, https:\/\/www.elexusclinic.com\/tr\/wp-content\/uploads\/2021\/05\/Hair-Loss-Causes1-300x133.jpg 300w, https:\/\/www.elexusclinic.com\/tr\/wp-content\/uploads\/2021\/05\/Hair-Loss-Causes1-1024x455.jpg 1024w, https:\/\/www.elexusclinic.com\/tr\/wp-content\/uploads\/2021\/05\/Hair-Loss-Causes1-768x341.jpg 768w\" sizes=\"(max-width: 1100px) 100vw, 1100px\" \/><\/p>\n<h2><span style=\"vertical-align: inherit;\"><span style=\"vertical-align: inherit;\">Sa\u00e7 D\u00f6k\u00fclmesinin Nedenleri<\/span><\/span><\/h2>\n<ul>\n<li><span style=\"vertical-align: inherit;\"><span style=\"vertical-align: inherit;\">&#8220;Androgenetik alopesi&#8221; olarak da adland\u0131r\u0131lan genetik nedenlere ba\u011fl\u0131 sa\u00e7 d\u00f6k\u00fclmesi, erkeklerde ve menopoz sonras\u0131 kad\u0131nlarda g\u00f6r\u00fclebilen b\u00f6lgesel bir sa\u00e7 d\u00f6k\u00fclmesidir. Erkeklerde sa\u00e7 d\u00f6k\u00fclmesi \u00e7o\u011funlukla \u015fakaklardan ve tepeden ba\u015flarken, kad\u0131nlarda sa\u00e7 d\u00f6k\u00fclmesinin oldu\u011fu alanlar daha \u00e7ok ta\u00e7 b\u00f6lgesindedir.<\/span><\/span><\/li>\n<li><span style=\"vertical-align: inherit;\"><span style=\"vertical-align: inherit;\">Liken planus gibi baz\u0131 cilt hastal\u0131klar\u0131nda kal\u0131c\u0131 sa\u00e7 d\u00f6k\u00fclmesi geli\u015febilir. Liken planus hastal\u0131\u011f\u0131n\u0131n erken tan\u0131 ve tedavisi kal\u0131c\u0131 sa\u00e7 d\u00f6k\u00fclmesinin \u00f6nlenmesi a\u00e7\u0131s\u0131ndan olduk\u00e7a \u00f6nemlidir.<\/span><\/span><\/li>\n<li><span style=\"vertical-align: inherit;\"><span style=\"vertical-align: inherit;\">Baz\u0131 insanlar ise psikolojik sebeplerden dolay\u0131 kendi sa\u00e7lar\u0131n\u0131 yoluyorlar. T\u0131pta bu hastal\u0131\u011fa trikotillomani denir ve psikolojik destekle tedavi edilebilir.<\/span><\/span><\/li>\n<li><span style=\"vertical-align: inherit;\"><span style=\"vertical-align: inherit;\">Tiroid hastal\u0131klar\u0131 gibi hormon d\u00fczensizliklerine neden olan baz\u0131 hastal\u0131klar da sa\u00e7 d\u00f6k\u00fclmesine neden olabilir.<\/span><\/span><\/li>\n<li><span style=\"vertical-align: inherit;\"><span style=\"vertical-align: inherit;\">Hamilelikte hormon d\u00fczeylerindeki farkl\u0131l\u0131klara ba\u011fl\u0131 olarak sa\u00e7 d\u00f6k\u00fclmesi g\u00f6r\u00fclebilir. \u00c7o\u011funlukla bu durum ge\u00e7icidir.<\/span><\/span><\/li>\n<li><span style=\"vertical-align: inherit;\"><span style=\"vertical-align: inherit;\">Anemi, \u00f6zellikle kad\u0131nlarda sa\u00e7 d\u00f6k\u00fclmesinin en yayg\u0131n nedenlerinden biridir. Kans\u0131zl\u0131k tedavisi ile sa\u00e7 d\u00f6k\u00fclmesini durdurmak m\u00fcmk\u00fcnd\u00fcr.<\/span><\/span><\/li>\n<li><span style=\"vertical-align: inherit;\"><span style=\"vertical-align: inherit;\">V\u00fccutta demir, \u00e7inko gibi minerallerin eksikli\u011fi sa\u00e7 d\u00f6k\u00fclmesine yol a\u00e7abilir. Bu gibi durumlarda mineral takviyesi yap\u0131larak sa\u00e7 d\u00f6k\u00fclmesinin durdurulmas\u0131 m\u00fcmk\u00fcnd\u00fcr.<\/span><\/span><\/li>\n<li><span style=\"vertical-align: inherit;\"><span style=\"vertical-align: inherit;\">Baz\u0131 ya\u015fam al\u0131\u015fkanl\u0131klar\u0131 da sa\u00e7 d\u00f6k\u00fclmesine neden olabilir. Bunlar\u0131n ba\u015f\u0131nda; d\u00fczensiz ve yetersiz beslenme, hareketsizlik ve stres.<\/span><\/span><\/li>\n<li><span style=\"vertical-align: inherit;\"><span style=\"vertical-align: inherit;\">Yanl\u0131\u015f sa\u00e7 bak\u0131m al\u0131\u015fkanl\u0131klar\u0131 da sa\u00e7 d\u00f6k\u00fclmesinin bir di\u011fer nedenidir. Sa\u00e7lar\u0131n s\u00fcrekli \u00e7ok s\u0131k\u0131 toplanmas\u0131, yanl\u0131\u015f y\u0131kama al\u0131\u015fkanl\u0131klar\u0131, sa\u00e7\u0131n kimyasallara maruz kalmas\u0131 buna \u00f6rnek olarak g\u00f6sterilebilir.<\/span><\/span><\/li>\n<\/ul>\n<h2><span style=\"vertical-align: inherit;\"><span style=\"vertical-align: inherit;\">Sa\u00e7 D\u00f6k\u00fclmesi Nas\u0131l \u00d6nlenir?<\/span><\/span><\/h2>\n<p><strong><span style=\"vertical-align: inherit;\"><span style=\"vertical-align: inherit;\">Sa\u00e7 d\u00f6k\u00fclmesinin<\/span><\/span><\/strong><span style=\"vertical-align: inherit;\"><span style=\"vertical-align: inherit;\"> \u00f6n\u00fcne ge\u00e7ebilmek i\u00e7in baz\u0131 konulara dikkat etmek \u00f6nemlidir <\/span><span style=\"vertical-align: inherit;\">. Ancak bu konular\u0131 \u015fu \u015fekilde s\u0131ralayaca\u011f\u0131z;<\/span><\/span><\/p>\n<p><span style=\"vertical-align: inherit;\"><span style=\"vertical-align: inherit;\">&#8211; Uyku saatlerine dikkat edilmelidir.<\/span><\/span><\/p>\n<p><span style=\"vertical-align: inherit;\"><span style=\"vertical-align: inherit;\">&#8211; Sigara ve alkol gibi al\u0131\u015fkanl\u0131klar en aza indirilmelidir.<\/span><\/span><\/p>\n<p><span style=\"vertical-align: inherit;\"><span style=\"vertical-align: inherit;\">&#8211; Antioksidan i\u00e7eren meyve ve sebzelerin t\u00fcketimi art\u0131r\u0131lmal\u0131d\u0131r.<\/span><\/span><\/p>\n<p><span style=\"vertical-align: inherit;\"><span style=\"vertical-align: inherit;\">&#8211; Vitamin eksikliklerini tamamlamak gerekir.<\/span><\/span><\/p>\n<p><span style=\"vertical-align: inherit;\"><span style=\"vertical-align: inherit;\">-\u00c7inko, bak\u0131r, B12, folik asit i\u00e7eren besinler t\u00fcketilmelidir.<\/span><\/span><\/p>\n<p><span style=\"vertical-align: inherit;\"><span style=\"vertical-align: inherit;\">&#8211; Fast food tarz\u0131 beslenme al\u0131\u015fkanl\u0131klar\u0131ndan ka\u00e7\u0131n\u0131lmal\u0131d\u0131r.<\/span><\/span><\/p>\n<p><span style=\"vertical-align: inherit;\"><span style=\"vertical-align: inherit;\">&#8211; Sa\u00e7 sa\u011fl\u0131\u011f\u0131 i\u00e7in \u00f6nerilen ila\u00e7lar uzman kontrol\u00fc d\u0131\u015f\u0131nda kullan\u0131lmamal\u0131d\u0131r.<\/span><\/span><\/p>\n<p><span style=\"vertical-align: inherit;\"><span style=\"vertical-align: inherit;\">G\u00fcnde 100 sa\u00e7 d\u00f6k\u00fclmesi normal s\u0131n\u0131r olarak kabul edilmektedir. A\u015f\u0131r\u0131 sa\u00e7 d\u00f6k\u00fclmesi ya\u015fan\u0131yorsa ve sa\u00e7larda g\u00f6zle g\u00f6r\u00fcl\u00fcr incelme meydana geliyorsa en k\u0131sa s\u00fcrede uzman bir dermatolo\u011fa ba\u015fvurmak gerekir.<\/span><\/span><\/p>\n<h3><span style=\"vertical-align: inherit;\"><span style=\"vertical-align: inherit;\">Sa\u00e7 D\u00f6k\u00fclmesinin Belirtileri Nelerdir?<\/span><\/span><\/h3>\n<p><span style=\"vertical-align: inherit;\"><span style=\"vertical-align: inherit;\">Genel olarak sa\u00e7 d\u00f6k\u00fclmesinin belirtileri aras\u0131nda;<\/span><\/span><\/p>\n<p><span style=\"vertical-align: inherit;\"><span style=\"vertical-align: inherit;\">&#8211; Sa\u00e7lar\u0131n b\u00fcy\u00fcme h\u0131z\u0131nda yava\u015flaman\u0131n ortaya \u00e7\u0131kmas\u0131 sa\u00e7 d\u00f6k\u00fclmesinin belirtileri aras\u0131ndad\u0131r. Bunun nedeni ise sa\u00e7 d\u00f6k\u00fclmesi ya\u015fayan bireylerin sa\u00e7lar\u0131nda kalite kayb\u0131 ya\u015fanmas\u0131d\u0131r. Kalite kayb\u0131 olarak adland\u0131r\u0131lan bu duruma; Sa\u00e7lar\u0131n d\u00f6k\u00fcl\u00fcp k\u0131r\u0131lmas\u0131na neden olan bir durumdur.<\/span><\/span><\/p>\n<p><span style=\"vertical-align: inherit;\"><span style=\"vertical-align: inherit;\">&#8211; A\u015f\u0131r\u0131 kepek sorunu sa\u00e7 d\u00f6k\u00fclmesinin belirtileri aras\u0131ndad\u0131r. Ayn\u0131 \u015fekilde bu durum sa\u00e7 diplerinde ka\u015f\u0131nt\u0131ya veya kar\u0131ncalanmaya neden olabilir.<\/span><\/span><\/p>\n<p><span style=\"vertical-align: inherit;\"><span style=\"vertical-align: inherit;\">&#8211; Bir di\u011fer belirti ise sa\u00e7lar\u0131n cans\u0131z hale gelmesidir. Sa\u00e7 d\u00f6k\u00fclmesinin fark\u0131na var\u0131lmas\u0131yla birlikte sa\u00e7lar\u0131n donukla\u015fmas\u0131 ve donukla\u015fmas\u0131n\u0131n yan\u0131 s\u0131ra sa\u00e7 parlakl\u0131\u011f\u0131n\u0131n da sa\u00e7 d\u00f6k\u00fclmesinin belirtisi olarak tan\u0131mland\u0131\u011f\u0131n\u0131 s\u00f6ylemek m\u00fcmk\u00fcnd\u00fcr. Bunun sonucunda sa\u00e7 b\u00fcy\u00fcme sorunu ba\u015flar. Sa\u00e7lar 2 santimetreden fazla uzamaya ba\u015flar.<\/span><\/span><\/p>\n<h3><span style=\"vertical-align: inherit;\"><span style=\"vertical-align: inherit;\">A\u015f\u0131r\u0131 Sa\u00e7 D\u00f6k\u00fclmesi Hangi Hastal\u0131klar\u0131n Belirtisidir?<\/span><\/span><\/h3>\n<p><span style=\"vertical-align: inherit;\"><span style=\"vertical-align: inherit;\">A\u015f\u0131r\u0131 sa\u00e7 d\u00f6k\u00fclmesi baz\u0131 hastal\u0131klar\u0131n habercisi olabilir. Ancak a\u015f\u0131r\u0131 <\/span><\/span><strong><span style=\"vertical-align: inherit;\"><span style=\"vertical-align: inherit;\">sa\u00e7 d\u00f6k\u00fclmesi<\/span><\/span><\/strong><span style=\"vertical-align: inherit;\"><span style=\"vertical-align: inherit;\"> sonucunda <\/span><span style=\"vertical-align: inherit;\">a\u015fa\u011f\u0131daki hastal\u0131klar\u0131n ortaya \u00e7\u0131kt\u0131\u011f\u0131 d\u00fc\u015f\u00fcn\u00fclmektedir. Bu hastal\u0131klar\u0131 \u015fu \u015fekilde s\u0131ralamak do\u011fru olacakt\u0131r;<\/span><\/span><\/p>\n<p><span style=\"vertical-align: inherit;\"><span style=\"vertical-align: inherit;\">&#8211; Anemi<\/span><\/span><\/p>\n<p><span style=\"vertical-align: inherit;\"><span style=\"vertical-align: inherit;\">&#8211; Diyabet,<\/span><\/span><\/p>\n<p><span style=\"vertical-align: inherit;\"><span style=\"vertical-align: inherit;\">&#8211; Tiroid kaynakl\u0131 hastal\u0131klar,<\/span><\/span><\/p>\n<p><span style=\"vertical-align: inherit;\"><span style=\"vertical-align: inherit;\">&#8211; Romatizmal hastal\u0131klar,<\/span><\/span><\/p>\n<p><span style=\"vertical-align: inherit;\"><span style=\"vertical-align: inherit;\">&#8211; B\u00f6brek\u00fcst\u00fc bezi bozukluklar\u0131,<\/span><\/span><\/p>\n<p><span style=\"vertical-align: inherit;\"><span style=\"vertical-align: inherit;\">&#8211; \u0130ns\u00fclin direnci olarak s\u0131ralanabilir. Bu durumlar\u0131n sa\u00e7 d\u00f6k\u00fclmesine neden olabilece\u011fi ve alan\u0131nda uzman bir doktora ba\u015fvurulmas\u0131 gerekti\u011fi unutulmamal\u0131d\u0131r.<\/span><\/span><\/p>\n<p>&nbsp;<\/p>\n","protected":false},"excerpt":{"rendered":"<p>\u0130nsan kafas\u0131nda yakla\u015f\u0131k 150 bin sa\u00e7 teli bulunmaktad\u0131r. G\u00fcnde 100 sa\u00e7 teli d\u00f6k\u00fcl\u00fcr. E\u011fer lokal veya genel olarak g\u00fcnde 100 sa\u00e7 telini a\u015fan bir sa\u00e7 d\u00f6k\u00fclmesi varsa buna \u201csa\u00e7 d\u00f6k\u00fclmesi var\u201d denilebilir. Sa\u00e7 d\u00f6k\u00fclmesi genellikle erkek bireylerde g\u00f6r\u00fcl\u00fcr; ancak kad\u0131nlarda da y\u00fcksek oranda g\u00f6r\u00fclmektedir. Sa\u00e7 d\u00f6k\u00fclmesi ya da sa\u00e7lar\u0131n incelmesi ve zay\u0131flamas\u0131 \u00e7o\u011fu insan i\u00e7in [&hellip;]<\/p>\n","protected":false},"author":1,"featured_media":307,"comment_status":"open","ping_status":"open","sticky":false,"template":"","format":"standard","meta":{"footnotes":""},"categories":[5],"tags":[],"_links":{"self":[{"href":"https:\/\/www.elexusclinic.com\/tr\/wp-json\/wp\/v2\/posts\/306"}],"collection":[{"href":"https:\/\/www.elexusclinic.com\/tr\/wp-json\/wp\/v2\/posts"}],"about":[{"href":"https:\/\/www.elexusclinic.com\/tr\/wp-json\/wp\/v2\/types\/post"}],"author":[{"embeddable":true,"href":"https:\/\/www.elexusclinic.com\/tr\/wp-json\/wp\/v2\/users\/1"}],"replies":[{"embeddable":true,"href":"https:\/\/www.elexusclinic.com\/tr\/wp-json\/wp\/v2\/comments?post=306"}],"version-history":[{"count":2,"href":"https:\/\/www.elexusclinic.com\/tr\/wp-json\/wp\/v2\/posts\/306\/revisions"}],"predecessor-version":[{"id":410,"href":"https:\/\/www.elexusclinic.com\/tr\/wp-json\/wp\/v2\/posts\/306\/revisions\/410"}],"wp:featuredmedia":[{"embeddable":true,"href":"https:\/\/www.elexusclinic.com\/tr\/wp-json\/wp\/v2\/media\/307"}],"wp:attachment":[{"href":"https:\/\/www.elexusclinic.com\/tr\/wp-json\/wp\/v2\/media?parent=306"}],"wp:term":[{"taxonomy":"category","embeddable":true,"href":"https:\/\/www.elexusclinic.com\/tr\/wp-json\/wp\/v2\/categories?post=306"},{"taxonomy":"post_tag","embeddable":true,"href":"https:\/\/www.elexusclinic.com\/tr\/wp-json\/wp\/v2\/tags?post=306"}],"curies":[{"name":"wp","href":"https:\/\/api.w.org\/{rel}","templated":true}]}}